{"id":753,"date":"2024-01-18T07:22:02","date_gmt":"2024-01-18T07:22:02","guid":{"rendered":"https:\/\/tehnicka.skolabd.edu.ba\/?p=753"},"modified":"2024-01-18T07:22:02","modified_gmt":"2024-01-18T07:22:02","slug":"ucenica-nase-skole-ucestvovala-u-izlozbi-ruke-pune-buke","status":"publish","type":"post","link":"https:\/\/tehnicka.skolabd.edu.ba\/index.php\/2024\/01\/18\/ucenica-nase-skole-ucestvovala-u-izlozbi-ruke-pune-buke\/","title":{"rendered":"U\u010denica na\u0161e \u0161kole u\u010destvovala u izlo\u017ebi \u201eRuke pune buke\u201c"},"content":{"rendered":"<p><span data-contrast=\"auto\">U ponedeljak 15.1.2024. god. organizovana je izlo\u017eba slika pod nazivom \u201eRuke pune buke\u201c u organizaciji Vije\u0107a\/Savjeta mladih\u00a0 Br\u010dko distrikta BIH.<\/span><\/p>\n<p><span data-contrast=\"auto\">Izlo\u017eba je odr\u017eana u gradskoj Vije\u0107nici s po\u010detkom u 18h.<\/span><\/p>\n<p><span data-contrast=\"auto\">Slike je izlagao Atelje 6. U\u010denica na\u0161e \u0161kole Ana Salatovi\u0107 iz III-5 u\u010destvovala je na izlo\u017ebi. <\/span><span data-ccp-props=\"{&quot;201341983&quot;:0,&quot;335559739&quot;:160,&quot;335559740&quot;:259}\">\u00a0<\/span><\/p>\n<p><span data-contrast=\"auto\">Ana je izjavila za na\u0161u sekciju:<\/span><span data-ccp-props=\"{&quot;201341983&quot;:0,&quot;335559739&quot;:160,&quot;335559740&quot;:259}\">\u00a0<\/span><\/p>\n<p><span data-contrast=\"auto\">\u201eJa sam Ana Salatovi\u0107, trenutno u tre\u0107em razredu gra\u0111evinskog tehni\u010dara. <\/span><\/p>\n<p><span data-contrast=\"auto\">Slikarstvo je oduvijek bio moj hobi, a od malih nogu u\u017eivam u crtanju i slikanju. <\/span><\/p>\n<p><span data-contrast=\"auto\">Po\u010dela sam\u00a0 crte\u017eima svojih omiljenih igra\u010daka i zanimljivih predmeta, da bih kasnije pre\u0161la na portrete, sve dok nisam skupila hrabrosti da uzmem kist i stvorim ne\u0161to svoje.<\/span><\/p>\n<p><span data-contrast=\"auto\">Inspirira me \u017eivot jer oko nas ima toliko ljepota, a mnogi ljudi prolaze kroz \u017eivot ne primije\u0107uju\u0107i tu unikatnu ljepotu. <\/span><\/p>\n<p><span data-contrast=\"auto\">Kroz svoje umjetni\u010dko izra\u017eavanje \u017eelim dijeliti svoj pogled na svijet i podsje\u0107ati ljude na tu nevjerojatnu ljepotu.<\/span><span data-ccp-props=\"{&quot;201341983&quot;:0,&quot;335559739&quot;:160,&quot;335559740&quot;:259}\">\u00a0<\/span><\/p>\n<p><span data-ccp-props=\"{&quot;201341983&quot;:0,&quot;335559739&quot;:160,&quot;335559740&quot;:259}\">\u00a0<\/span><span data-contrast=\"auto\">Najvi\u0161e u\u017eivam slikaju\u0107i akrilnim bojama, iako mi se jednako svi\u0111aju i uljane. <\/span><\/p>\n<p><span data-contrast=\"auto\">U djetinjstvu sam se divila Van Goghu i smatrala ga uzorom, no sada vi\u0161e ne gledam na njega kao na uzor jer te\u017eim stvaranju vlastitog izraza i biti inspiracija sama sebi. <\/span><\/p>\n<p><span data-contrast=\"auto\">Do sada sam imala uspje\u0161nu samostalnu izlo\u017ebu, a moj rad je izlo\u017een u Vije\u0107nici, kao dio izlo\u017ebe \u201eRuke pune buke\u201c.<\/span><span data-ccp-props=\"{&quot;201341983&quot;:0,&quot;335559739&quot;:160,&quot;335559740&quot;:259}\">\u00a0<\/span><\/p>\n<p>&nbsp;<\/p>\n<p><span data-contrast=\"auto\">Novinarska sekcija <\/span><span data-ccp-props=\"{&quot;201341983&quot;:0,&quot;335559739&quot;:160,&quot;335559740&quot;:259}\">&#8211;\u00a0<\/span><span data-contrast=\"auto\">Ajdin Mehakovi\u0107, III4<\/span><span data-ccp-props=\"{&quot;134233117&quot;:false,&quot;134233118&quot;:false,&quot;201341983&quot;:0,&quot;335551550&quot;:1,&quot;335551620&quot;:1,&quot;335559685&quot;:0,&quot;335559737&quot;:0,&quot;335559738&quot;:0,&quot;335559739&quot;:160,&quot;335559740&quot;:259}\">\u00a0<\/span><\/p>\n<p><img fetchpriority=\"high\" decoding=\"async\" class=\"alignnone size-full wp-image-754\" src=\"http:\/\/tehnicka.skolabd.edu.ba\/wp-content\/uploads\/2024\/01\/ana2.jpg\" alt=\"\" width=\"459\" height=\"538\" srcset=\"https:\/\/tehnicka.skolabd.edu.ba\/wp-content\/uploads\/2024\/01\/ana2.jpg 459w, https:\/\/tehnicka.skolabd.edu.ba\/wp-content\/uploads\/2024\/01\/ana2-256x300.jpg 256w\" sizes=\"(max-width: 459px) 100vw, 459px\" \/><\/p>\n","protected":false},"excerpt":{"rendered":"<p>U ponedeljak 15.1.2024. god. organizovana je izlo\u017eba slika pod nazivom \u201eRuke pune buke\u201c u organizaciji Vije\u0107a\/Savjeta mladih\u00a0 Br\u010dko distrikta BIH. Izlo\u017eba je odr\u017eana u gradskoj Vije\u0107nici s po\u010detkom u 18h. Slike je izlagao Atelje 6. U\u010denica na\u0161e \u0161kole Ana Salatovi\u0107 iz III-5 u\u010destvovala je na izlo\u017ebi. \u00a0 Ana je izjavila za na\u0161u sekciju:\u00a0 \u201eJa sam [&hellip;]<\/p>\n","protected":false},"author":1,"featured_media":755,"comment_status":"closed","ping_status":"closed","sticky":false,"template":"","format":"standard","meta":{"_monsterinsights_skip_tracking":false,"_monsterinsights_sitenote_active":false,"_monsterinsights_sitenote_note":"","_monsterinsights_sitenote_category":0,"footnotes":""},"categories":[10,7],"tags":[],"class_list":["post-753","post","type-post","status-publish","format-standard","has-post-thumbnail","hentry","category-intervju","category-obavjestenja"],"_links":{"self":[{"href":"https:\/\/tehnicka.skolabd.edu.ba\/index.php\/wp-json\/wp\/v2\/posts\/753","targetHints":{"allow":["GET"]}}],"collection":[{"href":"https:\/\/tehnicka.skolabd.edu.ba\/index.php\/wp-json\/wp\/v2\/posts"}],"about":[{"href":"https:\/\/tehnicka.skolabd.edu.ba\/index.php\/wp-json\/wp\/v2\/types\/post"}],"author":[{"embeddable":true,"href":"https:\/\/tehnicka.skolabd.edu.ba\/index.php\/wp-json\/wp\/v2\/users\/1"}],"replies":[{"embeddable":true,"href":"https:\/\/tehnicka.skolabd.edu.ba\/index.php\/wp-json\/wp\/v2\/comments?post=753"}],"version-history":[{"count":1,"href":"https:\/\/tehnicka.skolabd.edu.ba\/index.php\/wp-json\/wp\/v2\/posts\/753\/revisions"}],"predecessor-version":[{"id":756,"href":"https:\/\/tehnicka.skolabd.edu.ba\/index.php\/wp-json\/wp\/v2\/posts\/753\/revisions\/756"}],"wp:featuredmedia":[{"embeddable":true,"href":"https:\/\/tehnicka.skolabd.edu.ba\/index.php\/wp-json\/wp\/v2\/media\/755"}],"wp:attachment":[{"href":"https:\/\/tehnicka.skolabd.edu.ba\/index.php\/wp-json\/wp\/v2\/media?parent=753"}],"wp:term":[{"taxonomy":"category","embeddable":true,"href":"https:\/\/tehnicka.skolabd.edu.ba\/index.php\/wp-json\/wp\/v2\/categories?post=753"},{"taxonomy":"post_tag","embeddable":true,"href":"https:\/\/tehnicka.skolabd.edu.ba\/index.php\/wp-json\/wp\/v2\/tags?post=753"}],"curies":[{"name":"wp","href":"https:\/\/api.w.org\/{rel}","templated":true}]}}