{"id":603,"date":"2023-05-12T09:49:48","date_gmt":"2023-05-12T09:49:48","guid":{"rendered":"http:\/\/tehnicka.skolabd.edu.ba\/?p=603"},"modified":"2023-05-14T09:59:50","modified_gmt":"2023-05-14T09:59:50","slug":"festival-rada-2023-godine","status":"publish","type":"post","link":"https:\/\/tehnicka.skolabd.edu.ba\/index.php\/2023\/05\/12\/festival-rada-2023-godine\/","title":{"rendered":"Festival rada 2023. godine\u00a0"},"content":{"rendered":"<h5>Sti\u017eu nam rezultati i s ovogodi\u0161njeg Festivala rada.<\/h5>\n<h5>U kategoriji Film, od ukupno \u00a017 dokumentarnih filmova, film Epilepsija u\u010denika na\u0161e \u0161kole osvojio je 2. mjesto.<\/h5>\n<h5>Iako je u rezultatima spomenut samo na\u0161 Nikola Pani\u0107, na filmu su radili i Antonio Mende\u0161, Tatjana Vuji\u0107, Tarik Jukan i drugi \u010dlanovi multimedijalne sekcije, koju vodi profesorica Nusreta D\u017eini\u0107.<\/h5>\n<h5>Ovaj film je osvojio i 2. mjesto na Me\u0111unarodnom omladinskom filmskom festivalu, koji je inicirala na\u0161a \u0161kola.<\/h5>\n<h5>Gradona\u010delnik Br\u010dko distrikta dr. Zijad Ni\u0161i\u0107 u\u010denicima je uru\u010dio certifikat i nov\u010dane nagrade.<\/h5>\n<h5>Ovim festivalom je predvi\u0111ena \u00a0i promocija filma u Sarajevu.<\/h5>\n<h5>Dokumentarni film Epilepsija je film o pote\u0161ko\u0107ama i pomo\u0107i djeci s epilepsijom.<\/h5>\n<h5>\u010cestitamo im i \u017eelimo jo\u0161 puno ovakvih uspjeha.<\/h5>\n<h5>U\u010denici su za svoj rad nagra\u0111eni ekskurzijom u Sarajevo, gdje su se odli\u010dno proveli.<\/h5>\n<h5>Novinarska sekcija<\/h5>\n<div><\/div>\n<div><img fetchpriority=\"high\" decoding=\"async\" class=\"alignnone wp-image-605\" src=\"http:\/\/tehnicka.skolabd.edu.ba\/wp-content\/uploads\/2023\/05\/festival-300x197.jpg\" alt=\"\" width=\"600\" height=\"394\" srcset=\"https:\/\/tehnicka.skolabd.edu.ba\/wp-content\/uploads\/2023\/05\/festival-300x197.jpg 300w, https:\/\/tehnicka.skolabd.edu.ba\/wp-content\/uploads\/2023\/05\/festival-1024x671.jpg 1024w, https:\/\/tehnicka.skolabd.edu.ba\/wp-content\/uploads\/2023\/05\/festival-768x504.jpg 768w, https:\/\/tehnicka.skolabd.edu.ba\/wp-content\/uploads\/2023\/05\/festival-1536x1007.jpg 1536w, https:\/\/tehnicka.skolabd.edu.ba\/wp-content\/uploads\/2023\/05\/festival.jpg 1600w\" sizes=\"(max-width: 600px) 100vw, 600px\" \/><\/div>\n","protected":false},"excerpt":{"rendered":"<p>Sti\u017eu nam rezultati i s ovogodi\u0161njeg Festivala rada. U kategoriji Film, od ukupno \u00a017 dokumentarnih filmova, film Epilepsija u\u010denika na\u0161e \u0161kole osvojio je 2. mjesto. Iako je u rezultatima spomenut samo na\u0161 Nikola Pani\u0107, na filmu su radili i Antonio Mende\u0161, Tatjana Vuji\u0107, Tarik Jukan i drugi \u010dlanovi multimedijalne sekcije, koju vodi profesorica Nusreta D\u017eini\u0107. [&hellip;]<\/p>\n","protected":false},"author":1,"featured_media":604,"comment_status":"closed","ping_status":"closed","sticky":false,"template":"","format":"standard","meta":{"_monsterinsights_skip_tracking":false,"_monsterinsights_sitenote_active":false,"_monsterinsights_sitenote_note":"","_monsterinsights_sitenote_category":0,"footnotes":""},"categories":[8],"tags":[],"class_list":["post-603","post","type-post","status-publish","format-standard","has-post-thumbnail","hentry","category-posjete"],"_links":{"self":[{"href":"https:\/\/tehnicka.skolabd.edu.ba\/index.php\/wp-json\/wp\/v2\/posts\/603","targetHints":{"allow":["GET"]}}],"collection":[{"href":"https:\/\/tehnicka.skolabd.edu.ba\/index.php\/wp-json\/wp\/v2\/posts"}],"about":[{"href":"https:\/\/tehnicka.skolabd.edu.ba\/index.php\/wp-json\/wp\/v2\/types\/post"}],"author":[{"embeddable":true,"href":"https:\/\/tehnicka.skolabd.edu.ba\/index.php\/wp-json\/wp\/v2\/users\/1"}],"replies":[{"embeddable":true,"href":"https:\/\/tehnicka.skolabd.edu.ba\/index.php\/wp-json\/wp\/v2\/comments?post=603"}],"version-history":[{"count":7,"href":"https:\/\/tehnicka.skolabd.edu.ba\/index.php\/wp-json\/wp\/v2\/posts\/603\/revisions"}],"predecessor-version":[{"id":612,"href":"https:\/\/tehnicka.skolabd.edu.ba\/index.php\/wp-json\/wp\/v2\/posts\/603\/revisions\/612"}],"wp:featuredmedia":[{"embeddable":true,"href":"https:\/\/tehnicka.skolabd.edu.ba\/index.php\/wp-json\/wp\/v2\/media\/604"}],"wp:attachment":[{"href":"https:\/\/tehnicka.skolabd.edu.ba\/index.php\/wp-json\/wp\/v2\/media?parent=603"}],"wp:term":[{"taxonomy":"category","embeddable":true,"href":"https:\/\/tehnicka.skolabd.edu.ba\/index.php\/wp-json\/wp\/v2\/categories?post=603"},{"taxonomy":"post_tag","embeddable":true,"href":"https:\/\/tehnicka.skolabd.edu.ba\/index.php\/wp-json\/wp\/v2\/tags?post=603"}],"curies":[{"name":"wp","href":"https:\/\/api.w.org\/{rel}","templated":true}]}}