{"id":569,"date":"2023-03-01T06:01:08","date_gmt":"2023-03-01T06:01:08","guid":{"rendered":"http:\/\/tehnicka.skolabd.edu.ba\/?p=569"},"modified":"2023-03-01T06:01:58","modified_gmt":"2023-03-01T06:01:58","slug":"569","status":"publish","type":"post","link":"http:\/\/tehnicka.skolabd.edu.ba\/index.php\/2023\/03\/01\/569\/","title":{"rendered":""},"content":{"rendered":"<p>PRONI Centar za omladinski razvoj u saradnji sa JU Tehni\u010dkom \u0161kolom povodom Dana Br\u010dko distrikta BiH organizuje ,,Me\u0111unarodni omladinski filmski festival\u201d, koji \u0107e se odr\u017eati 21.03.2023. godine u Br\u010dkom.<\/p>\n<p>Pozivaju se svi zaintersovani pojedinci i grupe mladih od 15 do 20 godina iz BiH i regiona za u\u010de\u0161\u0107e na filmskom festivalu da dostave svoje kratke filmove na temu ljudskih prava (afirmacija ljudskih prava kroz primjer) do 18.03.2023. godine putem wetransfera ili na neki drugi na\u010din na email adresu info@proni.ba s naslovom \u201eMe\u0111unarodni omladinski filmski festival\/dr\u017eava\/grad\u201c.<\/p>\n<p>Du\u017eina trajanja videa treba da bude od 3 do 7 minuta snimljena mobilnim telefonom ili kamerom u HD kvaliteti.<\/p>\n<p>\u017diri \u0107e ocjenjivati kreativnost, originalnost i uticaj ideje na pojedinca ili dru\u0161tvo. One najbolje o\u010dekuju vrijedne nagrade koje \u0107e biti uru\u010dene na centralnom doga\u0111aju u Br\u010dko distriktu gdje \u0107e filmovi biti premijerno prikazani.<\/p>\n<p>Projekat \u201eMe\u0111unarodni omladinski filmski festival\u201c realizuje se uz podr\u0161ku Ureda gradona\u010delnika Br\u010dko distrikta BiH.<\/p>\n<p><img fetchpriority=\"high\" decoding=\"async\" src=\"http:\/\/tehnicka.skolabd.edu.ba\/wp-content\/uploads\/2023\/03\/draft-proni-objave-2023-02-28t100515.637-1024x747-1-300x219.png\" alt=\"\" width=\"600\" height=\"438\" class=\"alignnone size-medium wp-image-571\" srcset=\"http:\/\/tehnicka.skolabd.edu.ba\/wp-content\/uploads\/2023\/03\/draft-proni-objave-2023-02-28t100515.637-1024x747-1-300x219.png 300w, http:\/\/tehnicka.skolabd.edu.ba\/wp-content\/uploads\/2023\/03\/draft-proni-objave-2023-02-28t100515.637-1024x747-1-768x560.png 768w, http:\/\/tehnicka.skolabd.edu.ba\/wp-content\/uploads\/2023\/03\/draft-proni-objave-2023-02-28t100515.637-1024x747-1.png 1024w\" sizes=\"(max-width: 600px) 100vw, 600px\" \/><\/p>\n<p><a href=\"https:\/\/www.proni.ba\/2023\/02\/28\/medunarodni-omladinski-filmski-festival\/\">Me\u0111unarodni omladinski filmski festival<\/a><\/p>\n","protected":false},"excerpt":{"rendered":"<p>PRONI Centar za omladinski razvoj u saradnji sa JU Tehni\u010dkom \u0161kolom povodom Dana Br\u010dko distrikta BiH organizuje ,,Me\u0111unarodni omladinski filmski festival\u201d, koji \u0107e se odr\u017eati 21.03.2023. godine u Br\u010dkom. Pozivaju se svi zaintersovani pojedinci i grupe mladih od 15 do 20 godina iz BiH i regiona za u\u010de\u0161\u0107e na filmskom festivalu da dostave svoje kratke [&hellip;]<\/p>\n","protected":false},"author":1,"featured_media":570,"comment_status":"closed","ping_status":"closed","sticky":false,"template":"","format":"standard","meta":{"_monsterinsights_skip_tracking":false,"_monsterinsights_sitenote_active":false,"_monsterinsights_sitenote_note":"","_monsterinsights_sitenote_category":0,"footnotes":""},"categories":[1],"tags":[],"class_list":["post-569","post","type-post","status-publish","format-standard","has-post-thumbnail","hentry","category-uncategorized"],"_links":{"self":[{"href":"http:\/\/tehnicka.skolabd.edu.ba\/index.php\/wp-json\/wp\/v2\/posts\/569","targetHints":{"allow":["GET"]}}],"collection":[{"href":"http:\/\/tehnicka.skolabd.edu.ba\/index.php\/wp-json\/wp\/v2\/posts"}],"about":[{"href":"http:\/\/tehnicka.skolabd.edu.ba\/index.php\/wp-json\/wp\/v2\/types\/post"}],"author":[{"embeddable":true,"href":"http:\/\/tehnicka.skolabd.edu.ba\/index.php\/wp-json\/wp\/v2\/users\/1"}],"replies":[{"embeddable":true,"href":"http:\/\/tehnicka.skolabd.edu.ba\/index.php\/wp-json\/wp\/v2\/comments?post=569"}],"version-history":[{"count":2,"href":"http:\/\/tehnicka.skolabd.edu.ba\/index.php\/wp-json\/wp\/v2\/posts\/569\/revisions"}],"predecessor-version":[{"id":573,"href":"http:\/\/tehnicka.skolabd.edu.ba\/index.php\/wp-json\/wp\/v2\/posts\/569\/revisions\/573"}],"wp:featuredmedia":[{"embeddable":true,"href":"http:\/\/tehnicka.skolabd.edu.ba\/index.php\/wp-json\/wp\/v2\/media\/570"}],"wp:attachment":[{"href":"http:\/\/tehnicka.skolabd.edu.ba\/index.php\/wp-json\/wp\/v2\/media?parent=569"}],"wp:term":[{"taxonomy":"category","embeddable":true,"href":"http:\/\/tehnicka.skolabd.edu.ba\/index.php\/wp-json\/wp\/v2\/categories?post=569"},{"taxonomy":"post_tag","embeddable":true,"href":"http:\/\/tehnicka.skolabd.edu.ba\/index.php\/wp-json\/wp\/v2\/tags?post=569"}],"curies":[{"name":"wp","href":"https:\/\/api.w.org\/{rel}","templated":true}]}}