{"id":475,"date":"2022-11-08T00:21:00","date_gmt":"2022-11-08T00:21:00","guid":{"rendered":"http:\/\/tehnicka.skolabd.edu.ba\/?p=475"},"modified":"2023-01-21T00:48:34","modified_gmt":"2023-01-21T00:48:34","slug":"sastanak-sa-nevladinom-organizacijom-proni","status":"publish","type":"post","link":"http:\/\/tehnicka.skolabd.edu.ba\/index.php\/2022\/11\/08\/sastanak-sa-nevladinom-organizacijom-proni\/","title":{"rendered":"Sastanak sa nevladinom organizacijom PRONI"},"content":{"rendered":"\r\n<p>Danas, 8.11.2022. je u kabinetu GOPA odr\u017ean sastanak izme\u0111u \u010dlanova multimedijalne sekcije i nevladine organizacije PRONI.<br>Na sastanku su se rije\u0161ile neke formalne stvari oko organizacije Omladinskog filmskog festivala te ustanovila suradnja s ve\u0107 spomenutom nevladinom organizacijom.<br>Sastanak je protekao u najboljem redu i finaliziran je dogovor izme\u0111u dvije strane.<\/p>\r\n\r\n\r\n\r\n<figure class=\"wp-block-gallery has-nested-images columns-default is-cropped wp-block-gallery-1 is-layout-flex wp-block-gallery-is-layout-flex\">\r\n<figure class=\"wp-block-image size-large\"><img decoding=\"async\" data-id=\"914\" src=\"http:\/\/tehnicka.skolabd.edu.ba\/wp-content\/uploads\/2022\/11\/proni.jpg\" alt=\"\" class=\"wp-image-914\"\/><\/figure>\r\n\r\n\r\n\r\n<figure class=\"wp-block-image size-large\"><img decoding=\"async\" data-id=\"916\" src=\"http:\/\/tehnicka.skolabd.edu.ba\/wp-content\/uploads\/2022\/11\/proni1-1024x516.jpg\" alt=\"\" class=\"wp-image-916\"\/><\/figure>\r\n\r\n\r\n\r\n<figure class=\"wp-block-image size-large\"><img decoding=\"async\" data-id=\"915\" src=\"http:\/\/tehnicka.skolabd.edu.ba\/wp-content\/uploads\/2022\/11\/proni2-1024x628.jpg\" alt=\"\" class=\"wp-image-915\"\/><\/figure>\r\n<figcaption class=\"blocks-gallery-caption\">Sastanak \u010dlanova multimedijalne sekcije sa predstavnikom nevladine organizacije PRONI<\/figcaption><\/figure>\r\n","protected":false},"excerpt":{"rendered":"<p>Danas, 8.11.2022. je u kabinetu GOPA odr\u017ean sastanak izme\u0111u \u010dlanova multimedijalne sekcije i nevladine organizacije PRONI.Na sastanku su se rije\u0161ile neke formalne stvari oko organizacije Omladinskog filmskog festivala te ustanovila suradnja s ve\u0107 spomenutom nevladinom organizacijom.Sastanak je protekao u najboljem redu i finaliziran je dogovor izme\u0111u dvije strane.<\/p>\n","protected":false},"author":1,"featured_media":299,"comment_status":"open","ping_status":"open","sticky":false,"template":"","format":"standard","meta":{"_monsterinsights_skip_tracking":false,"_monsterinsights_sitenote_active":false,"_monsterinsights_sitenote_note":"","_monsterinsights_sitenote_category":0,"footnotes":""},"categories":[1],"tags":[],"class_list":["post-475","post","type-post","status-publish","format-standard","has-post-thumbnail","hentry","category-uncategorized"],"_links":{"self":[{"href":"http:\/\/tehnicka.skolabd.edu.ba\/index.php\/wp-json\/wp\/v2\/posts\/475","targetHints":{"allow":["GET"]}}],"collection":[{"href":"http:\/\/tehnicka.skolabd.edu.ba\/index.php\/wp-json\/wp\/v2\/posts"}],"about":[{"href":"http:\/\/tehnicka.skolabd.edu.ba\/index.php\/wp-json\/wp\/v2\/types\/post"}],"author":[{"embeddable":true,"href":"http:\/\/tehnicka.skolabd.edu.ba\/index.php\/wp-json\/wp\/v2\/users\/1"}],"replies":[{"embeddable":true,"href":"http:\/\/tehnicka.skolabd.edu.ba\/index.php\/wp-json\/wp\/v2\/comments?post=475"}],"version-history":[{"count":3,"href":"http:\/\/tehnicka.skolabd.edu.ba\/index.php\/wp-json\/wp\/v2\/posts\/475\/revisions"}],"predecessor-version":[{"id":525,"href":"http:\/\/tehnicka.skolabd.edu.ba\/index.php\/wp-json\/wp\/v2\/posts\/475\/revisions\/525"}],"wp:featuredmedia":[{"embeddable":true,"href":"http:\/\/tehnicka.skolabd.edu.ba\/index.php\/wp-json\/wp\/v2\/media\/299"}],"wp:attachment":[{"href":"http:\/\/tehnicka.skolabd.edu.ba\/index.php\/wp-json\/wp\/v2\/media?parent=475"}],"wp:term":[{"taxonomy":"category","embeddable":true,"href":"http:\/\/tehnicka.skolabd.edu.ba\/index.php\/wp-json\/wp\/v2\/categories?post=475"},{"taxonomy":"post_tag","embeddable":true,"href":"http:\/\/tehnicka.skolabd.edu.ba\/index.php\/wp-json\/wp\/v2\/tags?post=475"}],"curies":[{"name":"wp","href":"https:\/\/api.w.org\/{rel}","templated":true}]}}